{"id":6182,"date":"2016-12-02T15:09:19","date_gmt":"2016-12-02T14:09:19","guid":{"rendered":"http:\/\/td_uid_64_5841808fefefc"},"modified":"2016-12-26T11:31:52","modified_gmt":"2016-12-26T11:31:52","slug":"why-you-should-choose-microsoft-over-linux","status":"publish","type":"post","link":"https:\/\/www.ccigjirokaster.al\/?p=6182","title":{"rendered":"Takime te ndryshme"},"content":{"rendered":"<p>[:sq]<\/p>\n<div class=\"td-paragraph-padding-1\">\n<p>Kryetari i Dhomave t\u00eb Tregis\u00eb dhe Industris\u00eb s\u00eb Shqip\u00ebris\u00eb, znj .Ines Mu\u00e7ostepa ,&nbsp;mori pjes\u00eb n\u00eb hapjen e Panairit t\u00eb Produkteve Bujq\u00ebsore dhe Agroindustriale \u201cPrishtina 2016\u201d, ku&nbsp;mor\u00ebn pjes\u00eb mbi 100 kompani nga Kosova dhe vendet e rajonit.<\/p>\n<p>N\u00eb k\u00ebt\u00eb ngjare t\u00eb organizuar nga Oda Ekonomike e Kosov\u00ebs dhe t\u00eb p\u00ebrkrahur nga Qeveria e Kosov\u00ebs, t\u00eb pranish\u00ebm ishin edhe kryetari i Kuvendit t\u00eb Kosov\u00ebs, z. Kadri Veseli, shefi ekzekutiv i Asociacionit Evropian t\u00eb Dhomave t\u00eb Tregtis\u00eb dhe Industris\u00eb, EUROCHAMBRES, z. Arnaldo Abruzzini, p\u00ebrfaq\u00ebsuesit e dhomave&nbsp;ekonomike t\u00eb Malit t\u00eb Zi, Maqedonis\u00eb, Serbis\u00eb dhe vendeve t\u00eb tjera t\u00eb rajonit.<\/p>\n<\/div>\n<p>[:en]<img loading=\"lazy\" decoding=\"async\" class=\"alignnone size-medium wp-image-6279\" src=\"http:\/\/www.ccigjirokaster.al\/wp-content\/uploads\/2016\/12\/12650373_1062463797132021_1972632453_n-300x225.jpg\" alt=\"\" width=\"300\" height=\"225\" srcset=\"https:\/\/www.ccigjirokaster.al\/wp-content\/uploads\/2016\/12\/12650373_1062463797132021_1972632453_n-300x225.jpg 300w, https:\/\/www.ccigjirokaster.al\/wp-content\/uploads\/2016\/12\/12650373_1062463797132021_1972632453_n-80x60.jpg 80w, https:\/\/www.ccigjirokaster.al\/wp-content\/uploads\/2016\/12\/12650373_1062463797132021_1972632453_n-265x198.jpg 265w, https:\/\/www.ccigjirokaster.al\/wp-content\/uploads\/2016\/12\/12650373_1062463797132021_1972632453_n-560x420.jpg 560w, https:\/\/www.ccigjirokaster.al\/wp-content\/uploads\/2016\/12\/12650373_1062463797132021_1972632453_n.jpg 640w\" sizes=\"(max-width: 300px) 100vw, 300px\" \/>[:]<\/p>\n","protected":false},"excerpt":{"rendered":"<p>[:sq] Kryetari i Dhomave t\u00eb Tregis\u00eb dhe Industris\u00eb s\u00eb Shqip\u00ebris\u00eb, znj .Ines Mu\u00e7ostepa ,&nbsp;mori pjes\u00eb n\u00eb hapjen e Panairit t\u00eb Produkteve Bujq\u00ebsore dhe Agroindustriale \u201cPrishtina 2016\u201d, ku&nbsp;mor\u00ebn pjes\u00eb mbi 100 kompani nga Kosova dhe vendet e rajonit. N\u00eb k\u00ebt\u00eb ngjare t\u00eb organizuar nga Oda Ekonomike e Kosov\u00ebs dhe t\u00eb p\u00ebrkrahur nga Qeveria e Kosov\u00ebs, t\u00eb [&hellip;]<\/p>\n","protected":false},"author":1,"featured_media":7163,"comment_status":"open","ping_status":"open","sticky":false,"template":"","format":"standard","meta":{"footnotes":""},"categories":[81],"tags":[],"_links":{"self":[{"href":"https:\/\/www.ccigjirokaster.al\/index.php?rest_route=\/wp\/v2\/posts\/6182"}],"collection":[{"href":"https:\/\/www.ccigjirokaster.al\/index.php?rest_route=\/wp\/v2\/posts"}],"about":[{"href":"https:\/\/www.ccigjirokaster.al\/index.php?rest_route=\/wp\/v2\/types\/post"}],"author":[{"embeddable":true,"href":"https:\/\/www.ccigjirokaster.al\/index.php?rest_route=\/wp\/v2\/users\/1"}],"replies":[{"embeddable":true,"href":"https:\/\/www.ccigjirokaster.al\/index.php?rest_route=%2Fwp%2Fv2%2Fcomments&post=6182"}],"version-history":[{"count":2,"href":"https:\/\/www.ccigjirokaster.al\/index.php?rest_route=\/wp\/v2\/posts\/6182\/revisions"}],"predecessor-version":[{"id":7174,"href":"https:\/\/www.ccigjirokaster.al\/index.php?rest_route=\/wp\/v2\/posts\/6182\/revisions\/7174"}],"wp:featuredmedia":[{"embeddable":true,"href":"https:\/\/www.ccigjirokaster.al\/index.php?rest_route=\/wp\/v2\/media\/7163"}],"wp:attachment":[{"href":"https:\/\/www.ccigjirokaster.al\/index.php?rest_route=%2Fwp%2Fv2%2Fmedia&parent=6182"}],"wp:term":[{"taxonomy":"category","embeddable":true,"href":"https:\/\/www.ccigjirokaster.al\/index.php?rest_route=%2Fwp%2Fv2%2Fcategories&post=6182"},{"taxonomy":"post_tag","embeddable":true,"href":"https:\/\/www.ccigjirokaster.al\/index.php?rest_route=%2Fwp%2Fv2%2Ftags&post=6182"}],"curies":[{"name":"wp","href":"https:\/\/api.w.org\/{rel}","templated":true}]}}