{"id":6191,"date":"2016-12-02T15:09:22","date_gmt":"2016-12-02T14:09:22","guid":{"rendered":"http:\/\/td_uid_73_584180927022e"},"modified":"2016-12-26T11:30:25","modified_gmt":"2016-12-26T11:30:25","slug":"building-a-gimbal-in-rust-an-introduction","status":"publish","type":"post","link":"https:\/\/www.ccigjirokaster.al\/?p=6191","title":{"rendered":"[:sq]Aktivitete te ndryshme[:en]Pjes\u00ebmarrja dhe prezantimi sa m\u00eb i mir\u00eb i biznesit shqiptar\u00eb n\u00eb expo apo panaire t\u00eb ndryshme komb\u00ebtare dhe nd\u00ebrkomb\u00ebtare[:]"},"content":{"rendered":"<p>[:sq]<\/p>\n<div class=\"td-paragraph-padding-1\">\n<p><img loading=\"lazy\" decoding=\"async\" class=\"alignnone size-medium wp-image-6285\" src=\"http:\/\/www.ccigjirokaster.al\/wp-content\/uploads\/2016\/12\/12696260_1744366985798969_1521626144_n-300x169.jpg\" alt=\"\" width=\"300\" height=\"169\" srcset=\"https:\/\/www.ccigjirokaster.al\/wp-content\/uploads\/2016\/12\/12696260_1744366985798969_1521626144_n-300x169.jpg 300w, https:\/\/www.ccigjirokaster.al\/wp-content\/uploads\/2016\/12\/12696260_1744366985798969_1521626144_n-768x432.jpg 768w, https:\/\/www.ccigjirokaster.al\/wp-content\/uploads\/2016\/12\/12696260_1744366985798969_1521626144_n-696x391.jpg 696w, https:\/\/www.ccigjirokaster.al\/wp-content\/uploads\/2016\/12\/12696260_1744366985798969_1521626144_n-747x420.jpg 747w, https:\/\/www.ccigjirokaster.al\/wp-content\/uploads\/2016\/12\/12696260_1744366985798969_1521626144_n.jpg 854w\" sizes=\"(max-width: 300px) 100vw, 300px\" \/><\/p>\n<p>&nbsp;<\/p>\n<\/div>\n<p>[:en]<\/p>\n<div class=\"td-paragraph-padding-1\">\n<p>P\u00ebrfaq\u00ebsues nga Bashkimi i Dhomave t\u00eb Tregtis\u00eb dhe Industris\u00eb s\u00eb Shqip\u00ebris\u00eb dhe kryetar\u00ebt e 12 dhomave t\u00eb tregtis\u00eb dhe industris\u00eb t\u00eb qarqeve ishin t\u00eb ftuar sot n\u00eb nj\u00eb takim nga Ministrja&nbsp; Zhvillimit Ekonomik, Turizmit, Tregtis\u00eb dhe Sip\u00ebrmarrjes, Znj. Milva Ekonomi n\u00eb bashk\u00ebpunim me Agjencin\u00eb Shqiptare t\u00eb Zhvillimit t\u00eb Investimeve (AIDA).&nbsp; Pjes\u00ebmarrja dhe prezantimi sa m\u00eb i mir\u00eb i biznesit shqiptar\u00eb n\u00eb expo apo panaire t\u00eb ndryshme komb\u00ebtare dhe nd\u00ebrkomb\u00ebtare, ishin n\u00eb fokus t\u00eb k\u00ebtij takimi.<\/p>\n<p>N\u00eb fillim t\u00eb fjal\u00ebs s\u00eb saj ministrja Ekonomi u shpreh se \u201cky takim do sh\u00ebrbeje p\u00ebr t\u00eb propozuar s\u00eb bashku panairet komb\u00ebtare dhe nd\u00ebrkomb\u00ebtare ku duhet t\u00eb marrin pjes\u00eb bizneset tona. &nbsp;\u00cbsht\u00eb e r\u00ebnd\u00ebsishme q\u00eb s\u00eb bashku t\u00eb vendosim nj\u00eb list\u00eb panairesh ku mund t\u00eb promovojm\u00eb produktin \u201cMade in Albania\u201d.<\/p>\n<p>P\u00ebr zgjerimin jo vet\u00ebm t\u00eb biznesit, por edhe t\u00eb ekonomis\u00eb shqiptare tha ministrja Ekonomi duhet q\u00eb produkteve Shqiptare t\u2019i japim z\u00eb n\u00eb ato tregje ku jan\u00eb shfaqur k\u00ebrkesa t\u00eb reja dhe n\u00eb ato tregje ku produktet jan\u00eb t\u00eb konsoliduara dhe vet\u00ebm &nbsp;mbi baz\u00ebn e k\u00ebsaj njohjeje duhet t\u00eb organizojm\u00eb panairet e vitit t\u00eb ardhsh\u00ebm.<\/p>\n<p>\u201cProdhimet e qum\u00ebshtit dhe n\u00ebnproduktet e tij, &nbsp;jan\u00eb ato produkte t\u00eb cilat kan\u00eb nevoj\u00eb p\u00ebr hap\u00ebsir\u00eb, po ashtu edhe bim\u00ebt medicinale, produktet e tekstili dhe l\u00ebkura, ICT-ja. Kemi tregjet e Azis\u00eb s\u00eb Veriut, tregjet e lindjes s\u00eb larg\u00ebt, t\u00eb cil\u00ebt kan\u00eb shprehur interes t\u00eb vazhduesh\u00ebm p\u00ebr prodhimet shqiptare pasi ata kan\u00eb nj\u00eb ekonomi t\u00eb hapur dhe duan shum\u00ebllojshm\u00ebri n\u00eb treg. A jemi ne gati t\u00eb marrim pjes\u00eb, dhe si mund ta promovojm\u00eb k\u00ebt\u00eb pjes\u00ebmarrje?<\/p>\n<p>AIDA tashm\u00eb ka propozuar 11&nbsp;panaire nd\u00ebrkomb\u00ebtare p\u00ebr vitin 2017. Z. Gent Beqiri, drejtor ekzekutiv i Agjencin\u00eb Shqiptare t\u00eb Zhvillimit t\u00eb Investimeve (AIDA) t\u00eb pranishm\u00ebve u prezantoi&nbsp;panairet ku mund t\u00eb marrin pjes\u00eb si ato n\u00eb&nbsp;&nbsp;Holand\u00eb 10-15 Janar 2017, Riva del Garda , Itali 14-17 Janar 2017, Moscone Ctr, San Francisco&nbsp; 22-24 Janar , 2017, Biofaq&nbsp; Gjermani 15-18 shkurt , FoodexJapan &nbsp;n\u00eb Tokio, Japoni 7- 10 Mars 2017, EXPO Wine Bordeaux 2017, Franc\u00eb 18-21 Qershor, NINGBO , Kin\u00eb Korrik&nbsp; 2017,The Micam 2017, Macfrut &nbsp;2017, &nbsp;Vakantiebeurs (Panairi i pushimeve) 2017 dhe &nbsp;Fancy Food 2017 n\u00eb SHBA,<\/p>\n<p>Ines Mu\u00e7ostepa, Kryetare e Bashkimit Komb\u00ebtar t\u00eb Dhomave t\u00eb Tregtis\u00eb dhe Industris\u00eb shprehu mendim se &nbsp;\u201cka ardhur momenti q\u00eb ta shikojm\u00eb n\u00eb m\u00ebnyr\u00eb strategjike certifikimin e produkteve \u201cMade in Albania\u201d, si\u00e7 e ka gjith\u00eb bota. Pra t\u2019i shquajm\u00eb kush jan\u00eb dhe t\u00eb nisim nga \u00e7ertifikimet. Detyra e Dhomave t\u00eb Tregtis\u00eb patjet\u00ebr q\u00eb duhet t\u00eb jet\u00eb me pjes\u00ebn e strukturimit dhe me dh\u00ebnien e ndonj\u00eb \u00e7ertifikimi si produkt \u201cMade in Albania\u201d. Kjo do t\u00eb na jap dinjitet n\u00eb tregun jasht\u00eb. K\u00ebtu duhet me patjet\u00ebr t\u00eb kemi nj\u00eb shk\u00ebmbim t\u00eb fort\u00eb informacioni mbi k\u00ebto produkte\u201d.<\/p>\n<p>Z.Nikolin Jaka, Kryetar i Dhom\u00ebs s\u00eb Tregtis\u00eb dhe Industris\u00eb Tiran\u00eb, e quajti &nbsp;k\u00ebt\u00eb takim si i pari i k\u00ebsaj fryme t\u00eb re bashk\u00ebpunimi me t\u00eb gjith\u00eb kryetar\u00ebt e Dhomave t\u00eb Tregtis\u00eb n\u00eb nj\u00eb status tjet\u00ebr dhe MZHETTS. Shoqata e Prodhuesve tha Z. Jaka duhet t\u00eb identifikoj\u00eb interesat q\u00eb ka p\u00ebr t\u00eb prezantuar produktet e veta.<\/p>\n<p>\u201cPjesa e Afrik\u00ebs k\u00ebrkon t\u00eb gjitha produktet q\u00eb kan\u00eb t\u00eb b\u00ebjn\u00eb me fruta perime, bulmetra, qum\u00ebshtin dhe &nbsp;produkte t\u00eb pa eksploruara. Nd\u00ebrkoh\u00eb q\u00eb \u00ebsht\u00eb edhe Egjipti, Iraku, Irani dhe Libia, t\u00eb cilat &nbsp;k\u00ebrkojn\u00eb vazhdimisht produkte &nbsp;shqiptare. N\u00eb Europ\u00eb nuk mund t\u00eb shkojm\u00eb ne me produkte q\u00eb nuk kane ende nje standard europian. Duhet &nbsp;t\u00eb certifikojm\u00eb eksportuesit dhe &nbsp;t\u00eb shohim mund\u00ebsit\u00eb q\u00eb mbulon AIDA dhe t\u00eb shohim se ku jemi ne kompetitiv n\u00eb produktet q\u00eb kemi. N\u00eb ato vende ku ne jemi kompetitiv, dhomat e tregtis\u00eb sipas an\u00ebtar\u00ebsis\u00eb q\u00eb kan\u00eb duhet t\u00eb hartojn\u00eb buxhetin p\u00ebr panairet\u201d u shpreh Nikolin Jaka.<\/p>\n<p>Z. Arben Shkodra n\u00ebnkryetar i Bashkimit Komb\u00ebtar t\u00eb Dhomave t\u00eb Tregtis\u00eb dhe Industris\u00eb deklaroi se \u201cduhet t\u00eb hartohet nj\u00eb strategji e disa ministrive p\u00ebr eksportet nj\u00ebkoh\u00ebsisht sinkronizim i t\u00eb gjith\u00eb aktor\u00ebve\u201d.&nbsp; Z. Shkodra propozoi ngritjen e nj\u00eb komiteti p\u00ebr eksportet&nbsp; dhe panairet nj\u00ebkoh\u00ebsisht edhe pasjen e nj\u00eb agjencie t\u00eb dedikuar eksporteve p\u00ebrfshi promovimin e produkteve shqiptare.<\/p>\n<p>Kryetari i Dhom\u00ebs s\u00eb Tregtis\u00eb Shkod\u00ebr &nbsp;Z. Anton Leka, &nbsp;hodhi iden\u00eb e cila u mb\u00ebshtet edhe nga kryetar\u00ebt e dhomave t\u00eb qarqeve t\u00eb tjera p\u00ebr ngritjen e 4 ose 5 qendrave p\u00ebr panaire n\u00eb t\u00eb gjith\u00eb Shqip\u00ebrin\u00eb t\u00eb cilat krahas reklamimit t\u00eb produkteve vendase, n\u00ebp\u00ebrmjet tyre do t\u00eb t\u00ebrheqin v\u00ebmendjen edhe p\u00ebr aktivitete turistike dhe t\u00eb industris\u00eb HORECA.<\/p>\n<p>N\u00eb fund t\u00eb takimit ministrja Milva Ekonomi shprehu gatishm\u00ebrin\u00eb e saj p\u00ebr t\u00eb hartuar nj\u00eb plan veprimi mes MZHETTS dhe Bashkimit t\u00eb Dhomave t\u00eb Tregtis\u00eb,&nbsp; duke ngritur nj\u00eb grup pune t\u00eb p\u00ebrbashk\u00ebt me nj\u00eb kalendar t\u00eb rregullt takimesh dhe realizimesh t\u00eb produkteve informuese dhe trajnuese.<\/p>\n<p>&nbsp;<\/p>\n<\/div>\n<p>[:]<\/p>\n","protected":false},"excerpt":{"rendered":"<p>[:sq] &nbsp; [:en] P\u00ebrfaq\u00ebsues nga Bashkimi i Dhomave t\u00eb Tregtis\u00eb dhe Industris\u00eb s\u00eb Shqip\u00ebris\u00eb dhe kryetar\u00ebt e 12 dhomave t\u00eb tregtis\u00eb dhe industris\u00eb t\u00eb qarqeve ishin t\u00eb ftuar sot n\u00eb nj\u00eb takim nga Ministrja&nbsp; Zhvillimit Ekonomik, Turizmit, Tregtis\u00eb dhe Sip\u00ebrmarrjes, Znj. Milva Ekonomi n\u00eb bashk\u00ebpunim me Agjencin\u00eb Shqiptare t\u00eb Zhvillimit t\u00eb Investimeve (AIDA).&nbsp; Pjes\u00ebmarrja dhe [&hellip;]<\/p>\n","protected":false},"author":1,"featured_media":6285,"comment_status":"open","ping_status":"open","sticky":false,"template":"","format":"standard","meta":{"footnotes":""},"categories":[81],"tags":[],"_links":{"self":[{"href":"https:\/\/www.ccigjirokaster.al\/index.php?rest_route=\/wp\/v2\/posts\/6191"}],"collection":[{"href":"https:\/\/www.ccigjirokaster.al\/index.php?rest_route=\/wp\/v2\/posts"}],"about":[{"href":"https:\/\/www.ccigjirokaster.al\/index.php?rest_route=\/wp\/v2\/types\/post"}],"author":[{"embeddable":true,"href":"https:\/\/www.ccigjirokaster.al\/index.php?rest_route=\/wp\/v2\/users\/1"}],"replies":[{"embeddable":true,"href":"https:\/\/www.ccigjirokaster.al\/index.php?rest_route=%2Fwp%2Fv2%2Fcomments&post=6191"}],"version-history":[{"count":2,"href":"https:\/\/www.ccigjirokaster.al\/index.php?rest_route=\/wp\/v2\/posts\/6191\/revisions"}],"predecessor-version":[{"id":7173,"href":"https:\/\/www.ccigjirokaster.al\/index.php?rest_route=\/wp\/v2\/posts\/6191\/revisions\/7173"}],"wp:featuredmedia":[{"embeddable":true,"href":"https:\/\/www.ccigjirokaster.al\/index.php?rest_route=\/wp\/v2\/media\/6285"}],"wp:attachment":[{"href":"https:\/\/www.ccigjirokaster.al\/index.php?rest_route=%2Fwp%2Fv2%2Fmedia&parent=6191"}],"wp:term":[{"taxonomy":"category","embeddable":true,"href":"https:\/\/www.ccigjirokaster.al\/index.php?rest_route=%2Fwp%2Fv2%2Fcategories&post=6191"},{"taxonomy":"post_tag","embeddable":true,"href":"https:\/\/www.ccigjirokaster.al\/index.php?rest_route=%2Fwp%2Fv2%2Ftags&post=6191"}],"curies":[{"name":"wp","href":"https:\/\/api.w.org\/{rel}","templated":true}]}}